{"id":1377,"date":"2020-11-30T19:48:38","date_gmt":"2020-11-30T19:48:38","guid":{"rendered":"https:\/\/www.casa-asbl.lu\/reuniao-com-os-grupos-folcloricos-domingo-29-11\/"},"modified":"2024-05-01T17:22:45","modified_gmt":"2024-05-01T17:22:45","slug":"dimanche-29-11-au-c-a-s-a-clausen","status":"publish","type":"post","link":"https:\/\/www.casa-asbl.lu\/fr\/dimanche-29-11-au-c-a-s-a-clausen\/","title":{"rendered":"Dimanche 29\/11 au C.A.S.A &#8211; Clausen"},"content":{"rendered":"\n<p>Nous rencontrons des repr\u00e9sentants de groupes folkloriques, pensant toujours \u00e0 pr\u00e9server les traditions culturelles en p\u00e9riode de pand\u00e9mie. De nombreuses associations ont connu des difficult\u00e9s et ensemble nous surmonterons ce moment difficile. La r\u00e9union continue de respecter les r\u00e8gles sanitaires.<\/p>\n\n\n\n<figure class=\"wp-block-gallery columns-3 is-cropped wp-block-gallery-1 is-layout-flex wp-block-gallery-is-layout-flex\"><ul class=\"blocks-gallery-grid\"><li class=\"blocks-gallery-item\"><figure><img decoding=\"async\" src=\"https:\/\/www.casa-asbl.lu\/wp-content\/uploads\/2020\/11\/casa-asbl-rancho-folclorico-1024x683.jpg\" alt=\"\" data-id=\"1376\" data-full-url=\"https:\/\/www.casa-asbl.lu\/wp-content\/uploads\/2020\/11\/casa-asbl-rancho-folclorico.jpg\" data-link=\"https:\/\/www.casa-asbl.lu\/fr\/dimanche-29-11-au-c-a-s-a-clausen\/casa-asbl-rancho-folclorico-3\/\" class=\"wp-image-1376\"\/><\/figure><\/li><li class=\"blocks-gallery-item\"><figure><img decoding=\"async\" src=\"https:\/\/www.casa-asbl.lu\/wp-content\/uploads\/2020\/12\/casa-asbl-luxembourg-reuniao-1024x683.jpg\" alt=\"\" data-id=\"1383\" data-full-url=\"https:\/\/www.casa-asbl.lu\/wp-content\/uploads\/2020\/12\/casa-asbl-luxembourg-reuniao.jpg\" data-link=\"https:\/\/www.casa-asbl.lu\/fr\/casa-asbl-luxembourg-reuniao-4\/\" class=\"wp-image-1383\"\/><\/figure><\/li><li class=\"blocks-gallery-item\"><figure><img decoding=\"async\" src=\"https:\/\/www.casa-asbl.lu\/wp-content\/uploads\/2020\/12\/casa-asbl-luxembourg-reuniao-3-1024x683.jpg\" alt=\"\" data-id=\"1381\" data-full-url=\"https:\/\/www.casa-asbl.lu\/wp-content\/uploads\/2020\/12\/casa-asbl-luxembourg-reuniao-3.jpg\" data-link=\"https:\/\/www.casa-asbl.lu\/fr\/casa-asbl-luxembourg-reuniao-3-2\/\" class=\"wp-image-1381\"\/><\/figure><\/li><li class=\"blocks-gallery-item\"><figure><img decoding=\"async\" src=\"https:\/\/www.casa-asbl.lu\/wp-content\/uploads\/2020\/12\/casa-asbl-luxembourg-reuniao-2-1024x683.jpg\" alt=\"\" data-id=\"1379\" data-full-url=\"https:\/\/www.casa-asbl.lu\/wp-content\/uploads\/2020\/12\/casa-asbl-luxembourg-reuniao-2.jpg\" data-link=\"https:\/\/www.casa-asbl.lu\/fr\/casa-asbl-luxembourg-reuniao-2-2\/\" class=\"wp-image-1379\"\/><\/figure><\/li><\/ul><\/figure>\n","protected":false},"excerpt":{"rendered":"<p>Nous rencontrons des repr\u00e9sentants de groupes folkloriques, pensant toujours \u00e0 pr\u00e9server les traditions culturelles en p\u00e9riode de pand\u00e9mie. De nombreuses associations ont connu des difficult\u00e9s et ensemble nous surmonterons ce moment difficile. La r\u00e9union continue de respecter les r\u00e8gles sanitaires.<\/p>\n","protected":false},"author":2,"featured_media":1373,"comment_status":"closed","ping_status":"closed","sticky":false,"template":"","format":"standard","meta":{"footnotes":""},"categories":[81],"tags":[],"class_list":{"0":"post-1377","1":"post","2":"type-post","3":"status-publish","4":"format-standard","5":"has-post-thumbnail","7":"category-fetes-2"},"yoast_head":"<!-- This site is optimized with the Yoast SEO plugin v26.2 - https:\/\/yoast.com\/wordpress\/plugins\/seo\/ -->\n<title>Dimanche 29\/11 au C.A.S.A - Clausen - CASA Asbl<\/title>\n<meta name=\"description\" content=\"Nous rencontrons des repr\u00e9sentants de groupes folkloriques, pensant toujours \u00e0 pr\u00e9server les traditions culturelles en p\u00e9riode de pand\u00e9mie. De nombreuses\" \/>\n<meta name=\"robots\" content=\"index, follow, max-snippet:-1, max-image-preview:large, max-video-preview:-1\" \/>\n<link rel=\"canonical\" href=\"https:\/\/www.casa-asbl.lu\/fr\/dimanche-29-11-au-c-a-s-a-clausen\/\" \/>\n<meta property=\"og:locale\" content=\"fr_FR\" \/>\n<meta property=\"og:type\" content=\"article\" \/>\n<meta property=\"og:title\" content=\"Dimanche 29\/11 au C.A.S.A - Clausen - CASA Asbl\" \/>\n<meta property=\"og:description\" content=\"Nous rencontrons des repr\u00e9sentants de groupes folkloriques, pensant toujours \u00e0 pr\u00e9server les traditions culturelles en p\u00e9riode de pand\u00e9mie. De nombreuses\" \/>\n<meta property=\"og:url\" content=\"https:\/\/www.casa-asbl.lu\/fr\/dimanche-29-11-au-c-a-s-a-clausen\/\" \/>\n<meta property=\"og:site_name\" content=\"CASA Asbl\" \/>\n<meta property=\"article:published_time\" content=\"2020-11-30T19:48:38+00:00\" \/>\n<meta property=\"article:modified_time\" content=\"2024-05-01T17:22:45+00:00\" \/>\n<meta property=\"og:image\" content=\"https:\/\/www.casa-asbl.lu\/wp-content\/uploads\/2020\/11\/casa-asbl-rancho-folclorico-2.jpg\" \/>\n\t<meta property=\"og:image:width\" content=\"1200\" \/>\n\t<meta property=\"og:image:height\" content=\"800\" \/>\n\t<meta property=\"og:image:type\" content=\"image\/jpeg\" \/>\n<meta name=\"author\" content=\"Equipa Casa\" \/>\n<meta name=\"twitter:card\" content=\"summary_large_image\" \/>\n<meta name=\"twitter:label1\" content=\"\u00c9crit par\" \/>\n\t<meta name=\"twitter:data1\" content=\"Equipa Casa\" \/>\n<script type=\"application\/ld+json\" class=\"yoast-schema-graph\">{\"@context\":\"https:\/\/schema.org\",\"@graph\":[{\"@type\":\"WebPage\",\"@id\":\"https:\/\/www.casa-asbl.lu\/fr\/dimanche-29-11-au-c-a-s-a-clausen\/\",\"url\":\"https:\/\/www.casa-asbl.lu\/fr\/dimanche-29-11-au-c-a-s-a-clausen\/\",\"name\":\"Dimanche 29\/11 au C.A.S.A - Clausen - CASA Asbl\",\"isPartOf\":{\"@id\":\"https:\/\/www.casa-asbl.lu\/fr\/#website\"},\"primaryImageOfPage\":{\"@id\":\"https:\/\/www.casa-asbl.lu\/fr\/dimanche-29-11-au-c-a-s-a-clausen\/#primaryimage\"},\"image\":{\"@id\":\"https:\/\/www.casa-asbl.lu\/fr\/dimanche-29-11-au-c-a-s-a-clausen\/#primaryimage\"},\"thumbnailUrl\":\"https:\/\/www.casa-asbl.lu\/wp-content\/uploads\/2020\/11\/casa-asbl-rancho-folclorico-2.jpg\",\"datePublished\":\"2020-11-30T19:48:38+00:00\",\"dateModified\":\"2024-05-01T17:22:45+00:00\",\"author\":{\"@id\":\"https:\/\/www.casa-asbl.lu\/fr\/#\/schema\/person\/f0382b119fec667b0837753c9b942daf\"},\"description\":\"Nous rencontrons des repr\u00e9sentants de groupes folkloriques, pensant toujours \u00e0 pr\u00e9server les traditions culturelles en p\u00e9riode de pand\u00e9mie. De nombreuses\",\"breadcrumb\":{\"@id\":\"https:\/\/www.casa-asbl.lu\/fr\/dimanche-29-11-au-c-a-s-a-clausen\/#breadcrumb\"},\"inLanguage\":\"fr-FR\",\"potentialAction\":[{\"@type\":\"ReadAction\",\"target\":[\"https:\/\/www.casa-asbl.lu\/fr\/dimanche-29-11-au-c-a-s-a-clausen\/\"]}]},{\"@type\":\"ImageObject\",\"inLanguage\":\"fr-FR\",\"@id\":\"https:\/\/www.casa-asbl.lu\/fr\/dimanche-29-11-au-c-a-s-a-clausen\/#primaryimage\",\"url\":\"https:\/\/www.casa-asbl.lu\/wp-content\/uploads\/2020\/11\/casa-asbl-rancho-folclorico-2.jpg\",\"contentUrl\":\"https:\/\/www.casa-asbl.lu\/wp-content\/uploads\/2020\/11\/casa-asbl-rancho-folclorico-2.jpg\",\"width\":1200,\"height\":800},{\"@type\":\"BreadcrumbList\",\"@id\":\"https:\/\/www.casa-asbl.lu\/fr\/dimanche-29-11-au-c-a-s-a-clausen\/#breadcrumb\",\"itemListElement\":[{\"@type\":\"ListItem\",\"position\":1,\"name\":\"In\u00edcio\",\"item\":\"https:\/\/www.casa-asbl.lu\/fr\/\"},{\"@type\":\"ListItem\",\"position\":2,\"name\":\"Dimanche 29\/11 au C.A.S.A &#8211; Clausen\"}]},{\"@type\":\"WebSite\",\"@id\":\"https:\/\/www.casa-asbl.lu\/fr\/#website\",\"url\":\"https:\/\/www.casa-asbl.lu\/fr\/\",\"name\":\"CASA Asbl\",\"description\":\"Centro de Apoio Social e Associativo\",\"potentialAction\":[{\"@type\":\"SearchAction\",\"target\":{\"@type\":\"EntryPoint\",\"urlTemplate\":\"https:\/\/www.casa-asbl.lu\/fr\/?s={search_term_string}\"},\"query-input\":{\"@type\":\"PropertyValueSpecification\",\"valueRequired\":true,\"valueName\":\"search_term_string\"}}],\"inLanguage\":\"fr-FR\"},{\"@type\":\"Person\",\"@id\":\"https:\/\/www.casa-asbl.lu\/fr\/#\/schema\/person\/f0382b119fec667b0837753c9b942daf\",\"name\":\"Equipa Casa\",\"image\":{\"@type\":\"ImageObject\",\"inLanguage\":\"fr-FR\",\"@id\":\"https:\/\/www.casa-asbl.lu\/fr\/#\/schema\/person\/image\/\",\"url\":\"https:\/\/secure.gravatar.com\/avatar\/712b2387a649a29c01bdfbb15c24382696b8403fc4e2905160fb87627eb20c2b?s=96&d=mm&r=g\",\"contentUrl\":\"https:\/\/secure.gravatar.com\/avatar\/712b2387a649a29c01bdfbb15c24382696b8403fc4e2905160fb87627eb20c2b?s=96&d=mm&r=g\",\"caption\":\"Equipa Casa\"},\"url\":\"https:\/\/www.casa-asbl.lu\/fr\/author\/trindade\/\"}]}<\/script>\n<!-- \/ Yoast SEO plugin. -->","yoast_head_json":{"title":"Dimanche 29\/11 au C.A.S.A - Clausen - CASA Asbl","description":"Nous rencontrons des repr\u00e9sentants de groupes folkloriques, pensant toujours \u00e0 pr\u00e9server les traditions culturelles en p\u00e9riode de pand\u00e9mie. De nombreuses","robots":{"index":"index","follow":"follow","max-snippet":"max-snippet:-1","max-image-preview":"max-image-preview:large","max-video-preview":"max-video-preview:-1"},"canonical":"https:\/\/www.casa-asbl.lu\/fr\/dimanche-29-11-au-c-a-s-a-clausen\/","og_locale":"fr_FR","og_type":"article","og_title":"Dimanche 29\/11 au C.A.S.A - Clausen - CASA Asbl","og_description":"Nous rencontrons des repr\u00e9sentants de groupes folkloriques, pensant toujours \u00e0 pr\u00e9server les traditions culturelles en p\u00e9riode de pand\u00e9mie. De nombreuses","og_url":"https:\/\/www.casa-asbl.lu\/fr\/dimanche-29-11-au-c-a-s-a-clausen\/","og_site_name":"CASA Asbl","article_published_time":"2020-11-30T19:48:38+00:00","article_modified_time":"2024-05-01T17:22:45+00:00","og_image":[{"width":1200,"height":800,"url":"https:\/\/www.casa-asbl.lu\/wp-content\/uploads\/2020\/11\/casa-asbl-rancho-folclorico-2.jpg","type":"image\/jpeg"}],"author":"Equipa Casa","twitter_card":"summary_large_image","twitter_misc":{"\u00c9crit par":"Equipa Casa"},"schema":{"@context":"https:\/\/schema.org","@graph":[{"@type":"WebPage","@id":"https:\/\/www.casa-asbl.lu\/fr\/dimanche-29-11-au-c-a-s-a-clausen\/","url":"https:\/\/www.casa-asbl.lu\/fr\/dimanche-29-11-au-c-a-s-a-clausen\/","name":"Dimanche 29\/11 au C.A.S.A - Clausen - CASA Asbl","isPartOf":{"@id":"https:\/\/www.casa-asbl.lu\/fr\/#website"},"primaryImageOfPage":{"@id":"https:\/\/www.casa-asbl.lu\/fr\/dimanche-29-11-au-c-a-s-a-clausen\/#primaryimage"},"image":{"@id":"https:\/\/www.casa-asbl.lu\/fr\/dimanche-29-11-au-c-a-s-a-clausen\/#primaryimage"},"thumbnailUrl":"https:\/\/www.casa-asbl.lu\/wp-content\/uploads\/2020\/11\/casa-asbl-rancho-folclorico-2.jpg","datePublished":"2020-11-30T19:48:38+00:00","dateModified":"2024-05-01T17:22:45+00:00","author":{"@id":"https:\/\/www.casa-asbl.lu\/fr\/#\/schema\/person\/f0382b119fec667b0837753c9b942daf"},"description":"Nous rencontrons des repr\u00e9sentants de groupes folkloriques, pensant toujours \u00e0 pr\u00e9server les traditions culturelles en p\u00e9riode de pand\u00e9mie. De nombreuses","breadcrumb":{"@id":"https:\/\/www.casa-asbl.lu\/fr\/dimanche-29-11-au-c-a-s-a-clausen\/#breadcrumb"},"inLanguage":"fr-FR","potentialAction":[{"@type":"ReadAction","target":["https:\/\/www.casa-asbl.lu\/fr\/dimanche-29-11-au-c-a-s-a-clausen\/"]}]},{"@type":"ImageObject","inLanguage":"fr-FR","@id":"https:\/\/www.casa-asbl.lu\/fr\/dimanche-29-11-au-c-a-s-a-clausen\/#primaryimage","url":"https:\/\/www.casa-asbl.lu\/wp-content\/uploads\/2020\/11\/casa-asbl-rancho-folclorico-2.jpg","contentUrl":"https:\/\/www.casa-asbl.lu\/wp-content\/uploads\/2020\/11\/casa-asbl-rancho-folclorico-2.jpg","width":1200,"height":800},{"@type":"BreadcrumbList","@id":"https:\/\/www.casa-asbl.lu\/fr\/dimanche-29-11-au-c-a-s-a-clausen\/#breadcrumb","itemListElement":[{"@type":"ListItem","position":1,"name":"In\u00edcio","item":"https:\/\/www.casa-asbl.lu\/fr\/"},{"@type":"ListItem","position":2,"name":"Dimanche 29\/11 au C.A.S.A &#8211; Clausen"}]},{"@type":"WebSite","@id":"https:\/\/www.casa-asbl.lu\/fr\/#website","url":"https:\/\/www.casa-asbl.lu\/fr\/","name":"CASA Asbl","description":"Centro de Apoio Social e Associativo","potentialAction":[{"@type":"SearchAction","target":{"@type":"EntryPoint","urlTemplate":"https:\/\/www.casa-asbl.lu\/fr\/?s={search_term_string}"},"query-input":{"@type":"PropertyValueSpecification","valueRequired":true,"valueName":"search_term_string"}}],"inLanguage":"fr-FR"},{"@type":"Person","@id":"https:\/\/www.casa-asbl.lu\/fr\/#\/schema\/person\/f0382b119fec667b0837753c9b942daf","name":"Equipa Casa","image":{"@type":"ImageObject","inLanguage":"fr-FR","@id":"https:\/\/www.casa-asbl.lu\/fr\/#\/schema\/person\/image\/","url":"https:\/\/secure.gravatar.com\/avatar\/712b2387a649a29c01bdfbb15c24382696b8403fc4e2905160fb87627eb20c2b?s=96&d=mm&r=g","contentUrl":"https:\/\/secure.gravatar.com\/avatar\/712b2387a649a29c01bdfbb15c24382696b8403fc4e2905160fb87627eb20c2b?s=96&d=mm&r=g","caption":"Equipa Casa"},"url":"https:\/\/www.casa-asbl.lu\/fr\/author\/trindade\/"}]}},"_links":{"self":[{"href":"https:\/\/www.casa-asbl.lu\/fr\/wp-json\/wp\/v2\/posts\/1377","targetHints":{"allow":["GET"]}}],"collection":[{"href":"https:\/\/www.casa-asbl.lu\/fr\/wp-json\/wp\/v2\/posts"}],"about":[{"href":"https:\/\/www.casa-asbl.lu\/fr\/wp-json\/wp\/v2\/types\/post"}],"author":[{"embeddable":true,"href":"https:\/\/www.casa-asbl.lu\/fr\/wp-json\/wp\/v2\/users\/2"}],"replies":[{"embeddable":true,"href":"https:\/\/www.casa-asbl.lu\/fr\/wp-json\/wp\/v2\/comments?post=1377"}],"version-history":[{"count":0,"href":"https:\/\/www.casa-asbl.lu\/fr\/wp-json\/wp\/v2\/posts\/1377\/revisions"}],"wp:featuredmedia":[{"embeddable":true,"href":"https:\/\/www.casa-asbl.lu\/fr\/wp-json\/wp\/v2\/media\/1373"}],"wp:attachment":[{"href":"https:\/\/www.casa-asbl.lu\/fr\/wp-json\/wp\/v2\/media?parent=1377"}],"wp:term":[{"taxonomy":"category","embeddable":true,"href":"https:\/\/www.casa-asbl.lu\/fr\/wp-json\/wp\/v2\/categories?post=1377"},{"taxonomy":"post_tag","embeddable":true,"href":"https:\/\/www.casa-asbl.lu\/fr\/wp-json\/wp\/v2\/tags?post=1377"}],"curies":[{"name":"wp","href":"https:\/\/api.w.org\/{rel}","templated":true}]}}