{"id":2045,"date":"2021-04-07T23:04:24","date_gmt":"2021-04-07T21:04:24","guid":{"rendered":"https:\/\/www.casa-asbl.lu\/?p=2045"},"modified":"2024-05-01T17:22:52","modified_gmt":"2024-05-01T17:22:52","slug":"stand-no-marche-em-bonnevoie","status":"publish","type":"post","link":"https:\/\/www.casa-asbl.lu\/fr\/stand-no-marche-em-bonnevoie\/","title":{"rendered":"Stand no march\u00e9 em Bonnevoie"},"content":{"rendered":"\n<p>A partir desta ter\u00e7a &#8211; feira dia 06-04 estaremos com o nosso Stand tamb\u00e9m no march\u00e9 em Bonnevoie (Ao lado da Igreja de Bonnevoie). Estamos a vossa espera com os nossos produtos portugueses e nossas saborosas castanhas.<\/p>\n\n\n\n<p>Todas as ter\u00e7as das 16h:00 -19h:00. Esperamos por si.<\/p>\n\n\n\n<figure class=\"wp-block-gallery columns-2 is-cropped wp-block-gallery-1 is-layout-flex wp-block-gallery-is-layout-flex\"><ul class=\"blocks-gallery-grid\"><li class=\"blocks-gallery-item\"><figure><img loading=\"lazy\" decoding=\"async\" width=\"800\" height=\"533\" src=\"https:\/\/www.casa-asbl.lu\/wp-content\/uploads\/2021\/04\/DSC_0173.jpg\" alt=\"\" data-id=\"2041\" data-full-url=\"https:\/\/www.casa-asbl.lu\/wp-content\/uploads\/2021\/04\/DSC_0173.jpg\" data-link=\"https:\/\/www.casa-asbl.lu\/dsc_0173\/\" class=\"wp-image-2041\" srcset=\"https:\/\/www.casa-asbl.lu\/wp-content\/uploads\/2021\/04\/DSC_0173.jpg 800w, https:\/\/www.casa-asbl.lu\/wp-content\/uploads\/2021\/04\/DSC_0173-300x200.jpg 300w, https:\/\/www.casa-asbl.lu\/wp-content\/uploads\/2021\/04\/DSC_0173-768x512.jpg 768w, https:\/\/www.casa-asbl.lu\/wp-content\/uploads\/2021\/04\/DSC_0173-630x420.jpg 630w, https:\/\/www.casa-asbl.lu\/wp-content\/uploads\/2021\/04\/DSC_0173-150x100.jpg 150w, https:\/\/www.casa-asbl.lu\/wp-content\/uploads\/2021\/04\/DSC_0173-696x464.jpg 696w\" sizes=\"auto, (max-width: 800px) 100vw, 800px\" \/><\/figure><\/li><li class=\"blocks-gallery-item\"><figure><img loading=\"lazy\" decoding=\"async\" width=\"800\" height=\"533\" src=\"https:\/\/www.casa-asbl.lu\/wp-content\/uploads\/2021\/04\/DSC_0150.jpg\" alt=\"\" data-id=\"2037\" data-full-url=\"https:\/\/www.casa-asbl.lu\/wp-content\/uploads\/2021\/04\/DSC_0150.jpg\" data-link=\"https:\/\/www.casa-asbl.lu\/dsc_0150\/\" class=\"wp-image-2037\" srcset=\"https:\/\/www.casa-asbl.lu\/wp-content\/uploads\/2021\/04\/DSC_0150.jpg 800w, https:\/\/www.casa-asbl.lu\/wp-content\/uploads\/2021\/04\/DSC_0150-300x200.jpg 300w, https:\/\/www.casa-asbl.lu\/wp-content\/uploads\/2021\/04\/DSC_0150-768x512.jpg 768w, https:\/\/www.casa-asbl.lu\/wp-content\/uploads\/2021\/04\/DSC_0150-630x420.jpg 630w, https:\/\/www.casa-asbl.lu\/wp-content\/uploads\/2021\/04\/DSC_0150-150x100.jpg 150w, https:\/\/www.casa-asbl.lu\/wp-content\/uploads\/2021\/04\/DSC_0150-696x464.jpg 696w\" sizes=\"auto, (max-width: 800px) 100vw, 800px\" \/><\/figure><\/li><\/ul><\/figure>\n","protected":false},"excerpt":{"rendered":"<p>A partir desta ter\u00e7a &#8211; feira dia 06-04 estaremos com o nosso Stand tamb\u00e9m no march\u00e9 em Bonnevoie (Ao lado da Igreja de Bonnevoie). Estamos a vossa espera com os nossos produtos portugueses e nossas saborosas castanhas. Todas as ter\u00e7as das 16h:00 -19h:00. Esperamos por si.<\/p>\n","protected":false},"author":2,"featured_media":2039,"comment_status":"closed","ping_status":"open","sticky":false,"template":"","format":"standard","meta":{"footnotes":""},"categories":[44],"tags":[],"class_list":{"0":"post-2045","1":"post","2":"type-post","3":"status-publish","4":"format-standard","5":"has-post-thumbnail","7":"category-mercados"},"yoast_head":"<!-- This site is optimized with the Yoast SEO plugin v26.2 - https:\/\/yoast.com\/wordpress\/plugins\/seo\/ -->\n<title>Stand no march\u00e9 em Bonnevoie - CASA Asbl<\/title>\n<meta name=\"robots\" content=\"index, follow, max-snippet:-1, max-image-preview:large, max-video-preview:-1\" \/>\n<link rel=\"canonical\" href=\"https:\/\/www.casa-asbl.lu\/fr\/stand-no-marche-em-bonnevoie\/\" \/>\n<meta property=\"og:locale\" content=\"fr_FR\" \/>\n<meta property=\"og:type\" content=\"article\" \/>\n<meta property=\"og:title\" content=\"Stand no march\u00e9 em Bonnevoie - CASA Asbl\" \/>\n<meta property=\"og:description\" content=\"A partir desta ter\u00e7a &#8211; feira dia 06-04 estaremos com o nosso Stand tamb\u00e9m no march\u00e9 em Bonnevoie (Ao lado da Igreja de Bonnevoie). Estamos a vossa espera com os nossos produtos portugueses e nossas saborosas castanhas. Todas as ter\u00e7as das 16h:00 -19h:00. Esperamos por si.\" \/>\n<meta property=\"og:url\" content=\"https:\/\/www.casa-asbl.lu\/fr\/stand-no-marche-em-bonnevoie\/\" \/>\n<meta property=\"og:site_name\" content=\"CASA Asbl\" \/>\n<meta property=\"article:published_time\" content=\"2021-04-07T21:04:24+00:00\" \/>\n<meta property=\"article:modified_time\" content=\"2024-05-01T17:22:52+00:00\" \/>\n<meta property=\"og:image\" content=\"https:\/\/www.casa-asbl.lu\/wp-content\/uploads\/2021\/04\/DSC_0167.jpg\" \/>\n\t<meta property=\"og:image:width\" content=\"800\" \/>\n\t<meta property=\"og:image:height\" content=\"533\" \/>\n\t<meta property=\"og:image:type\" content=\"image\/jpeg\" \/>\n<meta name=\"author\" content=\"Equipa Casa\" \/>\n<meta name=\"twitter:card\" content=\"summary_large_image\" \/>\n<meta name=\"twitter:label1\" content=\"\u00c9crit par\" \/>\n\t<meta name=\"twitter:data1\" content=\"Equipa Casa\" \/>\n\t<meta name=\"twitter:label2\" content=\"Dur\u00e9e de lecture estim\u00e9e\" \/>\n\t<meta name=\"twitter:data2\" content=\"1 minute\" \/>\n<script type=\"application\/ld+json\" class=\"yoast-schema-graph\">{\"@context\":\"https:\/\/schema.org\",\"@graph\":[{\"@type\":\"WebPage\",\"@id\":\"https:\/\/www.casa-asbl.lu\/fr\/stand-no-marche-em-bonnevoie\/\",\"url\":\"https:\/\/www.casa-asbl.lu\/fr\/stand-no-marche-em-bonnevoie\/\",\"name\":\"Stand no march\u00e9 em Bonnevoie - CASA Asbl\",\"isPartOf\":{\"@id\":\"https:\/\/www.casa-asbl.lu\/fr\/#website\"},\"primaryImageOfPage\":{\"@id\":\"https:\/\/www.casa-asbl.lu\/fr\/stand-no-marche-em-bonnevoie\/#primaryimage\"},\"image\":{\"@id\":\"https:\/\/www.casa-asbl.lu\/fr\/stand-no-marche-em-bonnevoie\/#primaryimage\"},\"thumbnailUrl\":\"https:\/\/www.casa-asbl.lu\/wp-content\/uploads\/2021\/04\/DSC_0167.jpg\",\"datePublished\":\"2021-04-07T21:04:24+00:00\",\"dateModified\":\"2024-05-01T17:22:52+00:00\",\"author\":{\"@id\":\"https:\/\/www.casa-asbl.lu\/fr\/#\/schema\/person\/f0382b119fec667b0837753c9b942daf\"},\"breadcrumb\":{\"@id\":\"https:\/\/www.casa-asbl.lu\/fr\/stand-no-marche-em-bonnevoie\/#breadcrumb\"},\"inLanguage\":\"fr-FR\",\"potentialAction\":[{\"@type\":\"ReadAction\",\"target\":[\"https:\/\/www.casa-asbl.lu\/fr\/stand-no-marche-em-bonnevoie\/\"]}]},{\"@type\":\"ImageObject\",\"inLanguage\":\"fr-FR\",\"@id\":\"https:\/\/www.casa-asbl.lu\/fr\/stand-no-marche-em-bonnevoie\/#primaryimage\",\"url\":\"https:\/\/www.casa-asbl.lu\/wp-content\/uploads\/2021\/04\/DSC_0167.jpg\",\"contentUrl\":\"https:\/\/www.casa-asbl.lu\/wp-content\/uploads\/2021\/04\/DSC_0167.jpg\",\"width\":800,\"height\":533},{\"@type\":\"BreadcrumbList\",\"@id\":\"https:\/\/www.casa-asbl.lu\/fr\/stand-no-marche-em-bonnevoie\/#breadcrumb\",\"itemListElement\":[{\"@type\":\"ListItem\",\"position\":1,\"name\":\"In\u00edcio\",\"item\":\"https:\/\/www.casa-asbl.lu\/fr\/\"},{\"@type\":\"ListItem\",\"position\":2,\"name\":\"Stand no march\u00e9 em Bonnevoie\"}]},{\"@type\":\"WebSite\",\"@id\":\"https:\/\/www.casa-asbl.lu\/fr\/#website\",\"url\":\"https:\/\/www.casa-asbl.lu\/fr\/\",\"name\":\"CASA Asbl\",\"description\":\"Centro de Apoio Social e Associativo\",\"potentialAction\":[{\"@type\":\"SearchAction\",\"target\":{\"@type\":\"EntryPoint\",\"urlTemplate\":\"https:\/\/www.casa-asbl.lu\/fr\/?s={search_term_string}\"},\"query-input\":{\"@type\":\"PropertyValueSpecification\",\"valueRequired\":true,\"valueName\":\"search_term_string\"}}],\"inLanguage\":\"fr-FR\"},{\"@type\":\"Person\",\"@id\":\"https:\/\/www.casa-asbl.lu\/fr\/#\/schema\/person\/f0382b119fec667b0837753c9b942daf\",\"name\":\"Equipa Casa\",\"image\":{\"@type\":\"ImageObject\",\"inLanguage\":\"fr-FR\",\"@id\":\"https:\/\/www.casa-asbl.lu\/fr\/#\/schema\/person\/image\/\",\"url\":\"https:\/\/secure.gravatar.com\/avatar\/712b2387a649a29c01bdfbb15c24382696b8403fc4e2905160fb87627eb20c2b?s=96&d=mm&r=g\",\"contentUrl\":\"https:\/\/secure.gravatar.com\/avatar\/712b2387a649a29c01bdfbb15c24382696b8403fc4e2905160fb87627eb20c2b?s=96&d=mm&r=g\",\"caption\":\"Equipa Casa\"},\"url\":\"https:\/\/www.casa-asbl.lu\/fr\/author\/trindade\/\"}]}<\/script>\n<!-- \/ Yoast SEO plugin. -->","yoast_head_json":{"title":"Stand no march\u00e9 em Bonnevoie - CASA Asbl","robots":{"index":"index","follow":"follow","max-snippet":"max-snippet:-1","max-image-preview":"max-image-preview:large","max-video-preview":"max-video-preview:-1"},"canonical":"https:\/\/www.casa-asbl.lu\/fr\/stand-no-marche-em-bonnevoie\/","og_locale":"fr_FR","og_type":"article","og_title":"Stand no march\u00e9 em Bonnevoie - CASA Asbl","og_description":"A partir desta ter\u00e7a &#8211; feira dia 06-04 estaremos com o nosso Stand tamb\u00e9m no march\u00e9 em Bonnevoie (Ao lado da Igreja de Bonnevoie). Estamos a vossa espera com os nossos produtos portugueses e nossas saborosas castanhas. Todas as ter\u00e7as das 16h:00 -19h:00. Esperamos por si.","og_url":"https:\/\/www.casa-asbl.lu\/fr\/stand-no-marche-em-bonnevoie\/","og_site_name":"CASA Asbl","article_published_time":"2021-04-07T21:04:24+00:00","article_modified_time":"2024-05-01T17:22:52+00:00","og_image":[{"width":800,"height":533,"url":"https:\/\/www.casa-asbl.lu\/wp-content\/uploads\/2021\/04\/DSC_0167.jpg","type":"image\/jpeg"}],"author":"Equipa Casa","twitter_card":"summary_large_image","twitter_misc":{"\u00c9crit par":"Equipa Casa","Dur\u00e9e de lecture estim\u00e9e":"1 minute"},"schema":{"@context":"https:\/\/schema.org","@graph":[{"@type":"WebPage","@id":"https:\/\/www.casa-asbl.lu\/fr\/stand-no-marche-em-bonnevoie\/","url":"https:\/\/www.casa-asbl.lu\/fr\/stand-no-marche-em-bonnevoie\/","name":"Stand no march\u00e9 em Bonnevoie - CASA Asbl","isPartOf":{"@id":"https:\/\/www.casa-asbl.lu\/fr\/#website"},"primaryImageOfPage":{"@id":"https:\/\/www.casa-asbl.lu\/fr\/stand-no-marche-em-bonnevoie\/#primaryimage"},"image":{"@id":"https:\/\/www.casa-asbl.lu\/fr\/stand-no-marche-em-bonnevoie\/#primaryimage"},"thumbnailUrl":"https:\/\/www.casa-asbl.lu\/wp-content\/uploads\/2021\/04\/DSC_0167.jpg","datePublished":"2021-04-07T21:04:24+00:00","dateModified":"2024-05-01T17:22:52+00:00","author":{"@id":"https:\/\/www.casa-asbl.lu\/fr\/#\/schema\/person\/f0382b119fec667b0837753c9b942daf"},"breadcrumb":{"@id":"https:\/\/www.casa-asbl.lu\/fr\/stand-no-marche-em-bonnevoie\/#breadcrumb"},"inLanguage":"fr-FR","potentialAction":[{"@type":"ReadAction","target":["https:\/\/www.casa-asbl.lu\/fr\/stand-no-marche-em-bonnevoie\/"]}]},{"@type":"ImageObject","inLanguage":"fr-FR","@id":"https:\/\/www.casa-asbl.lu\/fr\/stand-no-marche-em-bonnevoie\/#primaryimage","url":"https:\/\/www.casa-asbl.lu\/wp-content\/uploads\/2021\/04\/DSC_0167.jpg","contentUrl":"https:\/\/www.casa-asbl.lu\/wp-content\/uploads\/2021\/04\/DSC_0167.jpg","width":800,"height":533},{"@type":"BreadcrumbList","@id":"https:\/\/www.casa-asbl.lu\/fr\/stand-no-marche-em-bonnevoie\/#breadcrumb","itemListElement":[{"@type":"ListItem","position":1,"name":"In\u00edcio","item":"https:\/\/www.casa-asbl.lu\/fr\/"},{"@type":"ListItem","position":2,"name":"Stand no march\u00e9 em Bonnevoie"}]},{"@type":"WebSite","@id":"https:\/\/www.casa-asbl.lu\/fr\/#website","url":"https:\/\/www.casa-asbl.lu\/fr\/","name":"CASA Asbl","description":"Centro de Apoio Social e Associativo","potentialAction":[{"@type":"SearchAction","target":{"@type":"EntryPoint","urlTemplate":"https:\/\/www.casa-asbl.lu\/fr\/?s={search_term_string}"},"query-input":{"@type":"PropertyValueSpecification","valueRequired":true,"valueName":"search_term_string"}}],"inLanguage":"fr-FR"},{"@type":"Person","@id":"https:\/\/www.casa-asbl.lu\/fr\/#\/schema\/person\/f0382b119fec667b0837753c9b942daf","name":"Equipa Casa","image":{"@type":"ImageObject","inLanguage":"fr-FR","@id":"https:\/\/www.casa-asbl.lu\/fr\/#\/schema\/person\/image\/","url":"https:\/\/secure.gravatar.com\/avatar\/712b2387a649a29c01bdfbb15c24382696b8403fc4e2905160fb87627eb20c2b?s=96&d=mm&r=g","contentUrl":"https:\/\/secure.gravatar.com\/avatar\/712b2387a649a29c01bdfbb15c24382696b8403fc4e2905160fb87627eb20c2b?s=96&d=mm&r=g","caption":"Equipa Casa"},"url":"https:\/\/www.casa-asbl.lu\/fr\/author\/trindade\/"}]}},"_links":{"self":[{"href":"https:\/\/www.casa-asbl.lu\/fr\/wp-json\/wp\/v2\/posts\/2045","targetHints":{"allow":["GET"]}}],"collection":[{"href":"https:\/\/www.casa-asbl.lu\/fr\/wp-json\/wp\/v2\/posts"}],"about":[{"href":"https:\/\/www.casa-asbl.lu\/fr\/wp-json\/wp\/v2\/types\/post"}],"author":[{"embeddable":true,"href":"https:\/\/www.casa-asbl.lu\/fr\/wp-json\/wp\/v2\/users\/2"}],"replies":[{"embeddable":true,"href":"https:\/\/www.casa-asbl.lu\/fr\/wp-json\/wp\/v2\/comments?post=2045"}],"version-history":[{"count":0,"href":"https:\/\/www.casa-asbl.lu\/fr\/wp-json\/wp\/v2\/posts\/2045\/revisions"}],"wp:featuredmedia":[{"embeddable":true,"href":"https:\/\/www.casa-asbl.lu\/fr\/wp-json\/wp\/v2\/media\/2039"}],"wp:attachment":[{"href":"https:\/\/www.casa-asbl.lu\/fr\/wp-json\/wp\/v2\/media?parent=2045"}],"wp:term":[{"taxonomy":"category","embeddable":true,"href":"https:\/\/www.casa-asbl.lu\/fr\/wp-json\/wp\/v2\/categories?post=2045"},{"taxonomy":"post_tag","embeddable":true,"href":"https:\/\/www.casa-asbl.lu\/fr\/wp-json\/wp\/v2\/tags?post=2045"}],"curies":[{"name":"wp","href":"https:\/\/api.w.org\/{rel}","templated":true}]}}