{"id":2743,"date":"2023-01-17T22:13:39","date_gmt":"2023-01-17T22:13:39","guid":{"rendered":"https:\/\/www.casa-asbl.lu\/o-cantar-das-janeiras\/"},"modified":"2024-05-01T17:23:00","modified_gmt":"2024-05-01T17:23:00","slug":"le-cantar-das-janeiras","status":"publish","type":"post","link":"https:\/\/www.casa-asbl.lu\/fr\/le-cantar-das-janeiras\/","title":{"rendered":"Le Cantar das Janeiras"},"content":{"rendered":"\n<p>Cantar das Janeiras est une tradition de l&rsquo;Association C.A.S.A , et sa saison de spectacles a d\u00e9j\u00e0 commenc\u00e9. Un grand merci au supermarch\u00e9 Primavera et Radio Latina, qui nous ont re\u00e7us avec une immense affection le Dimanche 15-01.<br><br>Bient\u00f4t le groupe CANTARES DA REGI\u00c3O DE LAF\u00d5ES chantera les janeiras au Premier Ministre, Ambassade, Commune de la Ville de Luxembourg, Office du Tourisme, Sopinor, Caixa Geral de Dep\u00f3sitos, Restaurants: Lisbonne II, Moments, Chez Tony et Bistro Paris. <br><br>L&rsquo;objectif de chanter les Janeiras \u00a0\u00bb Chansons de Janvier\u00a0\u00bb est en chantant qui souhaitent \u00e0 tous paix, sant\u00e9 et prosp\u00e9rit\u00e9.<\/p>\n","protected":false},"excerpt":{"rendered":"<p>Cantar das Janeiras est une tradition de l&rsquo;Association C.A.S.A , et sa saison de spectacles a d\u00e9j\u00e0 commenc\u00e9. Un grand merci au supermarch\u00e9 Primavera et Radio Latina, qui nous ont re\u00e7us avec une immense affection le Dimanche 15-01. Bient\u00f4t le groupe CANTARES DA REGI\u00c3O DE LAF\u00d5ES chantera les janeiras au Premier Ministre, Ambassade, Commune de [&hellip;]<\/p>\n","protected":false},"author":2,"featured_media":2727,"comment_status":"closed","ping_status":"closed","sticky":false,"template":"","format":"standard","meta":{"footnotes":""},"categories":[81],"tags":[],"class_list":{"0":"post-2743","1":"post","2":"type-post","3":"status-publish","4":"format-standard","5":"has-post-thumbnail","7":"category-fetes-2"},"yoast_head":"<!-- This site is optimized with the Yoast SEO plugin v26.2 - https:\/\/yoast.com\/wordpress\/plugins\/seo\/ -->\n<title>Le Cantar das Janeiras - CASA Asbl<\/title>\n<meta name=\"robots\" content=\"index, follow, max-snippet:-1, max-image-preview:large, max-video-preview:-1\" \/>\n<link rel=\"canonical\" href=\"https:\/\/www.casa-asbl.lu\/fr\/le-cantar-das-janeiras\/\" \/>\n<meta property=\"og:locale\" content=\"fr_FR\" \/>\n<meta property=\"og:type\" content=\"article\" \/>\n<meta property=\"og:title\" content=\"Le Cantar das Janeiras - CASA Asbl\" \/>\n<meta property=\"og:description\" content=\"Cantar das Janeiras est une tradition de l&rsquo;Association C.A.S.A , et sa saison de spectacles a d\u00e9j\u00e0 commenc\u00e9. Un grand merci au supermarch\u00e9 Primavera et Radio Latina, qui nous ont re\u00e7us avec une immense affection le Dimanche 15-01. Bient\u00f4t le groupe CANTARES DA REGI\u00c3O DE LAF\u00d5ES chantera les janeiras au Premier Ministre, Ambassade, Commune de [&hellip;]\" \/>\n<meta property=\"og:url\" content=\"https:\/\/www.casa-asbl.lu\/fr\/le-cantar-das-janeiras\/\" \/>\n<meta property=\"og:site_name\" content=\"CASA Asbl\" \/>\n<meta property=\"article:published_time\" content=\"2023-01-17T22:13:39+00:00\" \/>\n<meta property=\"article:modified_time\" content=\"2024-05-01T17:23:00+00:00\" \/>\n<meta property=\"og:image\" content=\"https:\/\/www.casa-asbl.lu\/wp-content\/uploads\/2023\/01\/272958186_4361551357282339_3199177164038657184_n.jpg\" \/>\n\t<meta property=\"og:image:width\" content=\"2048\" \/>\n\t<meta property=\"og:image:height\" content=\"1365\" \/>\n\t<meta property=\"og:image:type\" content=\"image\/jpeg\" \/>\n<meta name=\"author\" content=\"Equipa Casa\" \/>\n<meta name=\"twitter:card\" content=\"summary_large_image\" \/>\n<meta name=\"twitter:label1\" content=\"\u00c9crit par\" \/>\n\t<meta name=\"twitter:data1\" content=\"Equipa Casa\" \/>\n\t<meta name=\"twitter:label2\" content=\"Dur\u00e9e de lecture estim\u00e9e\" \/>\n\t<meta name=\"twitter:data2\" content=\"1 minute\" \/>\n<script type=\"application\/ld+json\" class=\"yoast-schema-graph\">{\"@context\":\"https:\/\/schema.org\",\"@graph\":[{\"@type\":\"WebPage\",\"@id\":\"https:\/\/www.casa-asbl.lu\/fr\/le-cantar-das-janeiras\/\",\"url\":\"https:\/\/www.casa-asbl.lu\/fr\/le-cantar-das-janeiras\/\",\"name\":\"Le Cantar das Janeiras - CASA Asbl\",\"isPartOf\":{\"@id\":\"https:\/\/www.casa-asbl.lu\/fr\/#website\"},\"primaryImageOfPage\":{\"@id\":\"https:\/\/www.casa-asbl.lu\/fr\/le-cantar-das-janeiras\/#primaryimage\"},\"image\":{\"@id\":\"https:\/\/www.casa-asbl.lu\/fr\/le-cantar-das-janeiras\/#primaryimage\"},\"thumbnailUrl\":\"https:\/\/www.casa-asbl.lu\/wp-content\/uploads\/2023\/01\/272958186_4361551357282339_3199177164038657184_n.jpg\",\"datePublished\":\"2023-01-17T22:13:39+00:00\",\"dateModified\":\"2024-05-01T17:23:00+00:00\",\"author\":{\"@id\":\"https:\/\/www.casa-asbl.lu\/fr\/#\/schema\/person\/f0382b119fec667b0837753c9b942daf\"},\"breadcrumb\":{\"@id\":\"https:\/\/www.casa-asbl.lu\/fr\/le-cantar-das-janeiras\/#breadcrumb\"},\"inLanguage\":\"fr-FR\",\"potentialAction\":[{\"@type\":\"ReadAction\",\"target\":[\"https:\/\/www.casa-asbl.lu\/fr\/le-cantar-das-janeiras\/\"]}]},{\"@type\":\"ImageObject\",\"inLanguage\":\"fr-FR\",\"@id\":\"https:\/\/www.casa-asbl.lu\/fr\/le-cantar-das-janeiras\/#primaryimage\",\"url\":\"https:\/\/www.casa-asbl.lu\/wp-content\/uploads\/2023\/01\/272958186_4361551357282339_3199177164038657184_n.jpg\",\"contentUrl\":\"https:\/\/www.casa-asbl.lu\/wp-content\/uploads\/2023\/01\/272958186_4361551357282339_3199177164038657184_n.jpg\",\"width\":2048,\"height\":1365},{\"@type\":\"BreadcrumbList\",\"@id\":\"https:\/\/www.casa-asbl.lu\/fr\/le-cantar-das-janeiras\/#breadcrumb\",\"itemListElement\":[{\"@type\":\"ListItem\",\"position\":1,\"name\":\"In\u00edcio\",\"item\":\"https:\/\/www.casa-asbl.lu\/fr\/\"},{\"@type\":\"ListItem\",\"position\":2,\"name\":\"Le Cantar das Janeiras\"}]},{\"@type\":\"WebSite\",\"@id\":\"https:\/\/www.casa-asbl.lu\/fr\/#website\",\"url\":\"https:\/\/www.casa-asbl.lu\/fr\/\",\"name\":\"CASA Asbl\",\"description\":\"Centro de Apoio Social e Associativo\",\"potentialAction\":[{\"@type\":\"SearchAction\",\"target\":{\"@type\":\"EntryPoint\",\"urlTemplate\":\"https:\/\/www.casa-asbl.lu\/fr\/?s={search_term_string}\"},\"query-input\":{\"@type\":\"PropertyValueSpecification\",\"valueRequired\":true,\"valueName\":\"search_term_string\"}}],\"inLanguage\":\"fr-FR\"},{\"@type\":\"Person\",\"@id\":\"https:\/\/www.casa-asbl.lu\/fr\/#\/schema\/person\/f0382b119fec667b0837753c9b942daf\",\"name\":\"Equipa Casa\",\"image\":{\"@type\":\"ImageObject\",\"inLanguage\":\"fr-FR\",\"@id\":\"https:\/\/www.casa-asbl.lu\/fr\/#\/schema\/person\/image\/\",\"url\":\"https:\/\/secure.gravatar.com\/avatar\/712b2387a649a29c01bdfbb15c24382696b8403fc4e2905160fb87627eb20c2b?s=96&d=mm&r=g\",\"contentUrl\":\"https:\/\/secure.gravatar.com\/avatar\/712b2387a649a29c01bdfbb15c24382696b8403fc4e2905160fb87627eb20c2b?s=96&d=mm&r=g\",\"caption\":\"Equipa Casa\"},\"url\":\"https:\/\/www.casa-asbl.lu\/fr\/author\/trindade\/\"}]}<\/script>\n<!-- \/ Yoast SEO plugin. -->","yoast_head_json":{"title":"Le Cantar das Janeiras - CASA Asbl","robots":{"index":"index","follow":"follow","max-snippet":"max-snippet:-1","max-image-preview":"max-image-preview:large","max-video-preview":"max-video-preview:-1"},"canonical":"https:\/\/www.casa-asbl.lu\/fr\/le-cantar-das-janeiras\/","og_locale":"fr_FR","og_type":"article","og_title":"Le Cantar das Janeiras - CASA Asbl","og_description":"Cantar das Janeiras est une tradition de l&rsquo;Association C.A.S.A , et sa saison de spectacles a d\u00e9j\u00e0 commenc\u00e9. Un grand merci au supermarch\u00e9 Primavera et Radio Latina, qui nous ont re\u00e7us avec une immense affection le Dimanche 15-01. Bient\u00f4t le groupe CANTARES DA REGI\u00c3O DE LAF\u00d5ES chantera les janeiras au Premier Ministre, Ambassade, Commune de [&hellip;]","og_url":"https:\/\/www.casa-asbl.lu\/fr\/le-cantar-das-janeiras\/","og_site_name":"CASA Asbl","article_published_time":"2023-01-17T22:13:39+00:00","article_modified_time":"2024-05-01T17:23:00+00:00","og_image":[{"width":2048,"height":1365,"url":"https:\/\/www.casa-asbl.lu\/wp-content\/uploads\/2023\/01\/272958186_4361551357282339_3199177164038657184_n.jpg","type":"image\/jpeg"}],"author":"Equipa Casa","twitter_card":"summary_large_image","twitter_misc":{"\u00c9crit par":"Equipa Casa","Dur\u00e9e de lecture estim\u00e9e":"1 minute"},"schema":{"@context":"https:\/\/schema.org","@graph":[{"@type":"WebPage","@id":"https:\/\/www.casa-asbl.lu\/fr\/le-cantar-das-janeiras\/","url":"https:\/\/www.casa-asbl.lu\/fr\/le-cantar-das-janeiras\/","name":"Le Cantar das Janeiras - CASA Asbl","isPartOf":{"@id":"https:\/\/www.casa-asbl.lu\/fr\/#website"},"primaryImageOfPage":{"@id":"https:\/\/www.casa-asbl.lu\/fr\/le-cantar-das-janeiras\/#primaryimage"},"image":{"@id":"https:\/\/www.casa-asbl.lu\/fr\/le-cantar-das-janeiras\/#primaryimage"},"thumbnailUrl":"https:\/\/www.casa-asbl.lu\/wp-content\/uploads\/2023\/01\/272958186_4361551357282339_3199177164038657184_n.jpg","datePublished":"2023-01-17T22:13:39+00:00","dateModified":"2024-05-01T17:23:00+00:00","author":{"@id":"https:\/\/www.casa-asbl.lu\/fr\/#\/schema\/person\/f0382b119fec667b0837753c9b942daf"},"breadcrumb":{"@id":"https:\/\/www.casa-asbl.lu\/fr\/le-cantar-das-janeiras\/#breadcrumb"},"inLanguage":"fr-FR","potentialAction":[{"@type":"ReadAction","target":["https:\/\/www.casa-asbl.lu\/fr\/le-cantar-das-janeiras\/"]}]},{"@type":"ImageObject","inLanguage":"fr-FR","@id":"https:\/\/www.casa-asbl.lu\/fr\/le-cantar-das-janeiras\/#primaryimage","url":"https:\/\/www.casa-asbl.lu\/wp-content\/uploads\/2023\/01\/272958186_4361551357282339_3199177164038657184_n.jpg","contentUrl":"https:\/\/www.casa-asbl.lu\/wp-content\/uploads\/2023\/01\/272958186_4361551357282339_3199177164038657184_n.jpg","width":2048,"height":1365},{"@type":"BreadcrumbList","@id":"https:\/\/www.casa-asbl.lu\/fr\/le-cantar-das-janeiras\/#breadcrumb","itemListElement":[{"@type":"ListItem","position":1,"name":"In\u00edcio","item":"https:\/\/www.casa-asbl.lu\/fr\/"},{"@type":"ListItem","position":2,"name":"Le Cantar das Janeiras"}]},{"@type":"WebSite","@id":"https:\/\/www.casa-asbl.lu\/fr\/#website","url":"https:\/\/www.casa-asbl.lu\/fr\/","name":"CASA Asbl","description":"Centro de Apoio Social e Associativo","potentialAction":[{"@type":"SearchAction","target":{"@type":"EntryPoint","urlTemplate":"https:\/\/www.casa-asbl.lu\/fr\/?s={search_term_string}"},"query-input":{"@type":"PropertyValueSpecification","valueRequired":true,"valueName":"search_term_string"}}],"inLanguage":"fr-FR"},{"@type":"Person","@id":"https:\/\/www.casa-asbl.lu\/fr\/#\/schema\/person\/f0382b119fec667b0837753c9b942daf","name":"Equipa Casa","image":{"@type":"ImageObject","inLanguage":"fr-FR","@id":"https:\/\/www.casa-asbl.lu\/fr\/#\/schema\/person\/image\/","url":"https:\/\/secure.gravatar.com\/avatar\/712b2387a649a29c01bdfbb15c24382696b8403fc4e2905160fb87627eb20c2b?s=96&d=mm&r=g","contentUrl":"https:\/\/secure.gravatar.com\/avatar\/712b2387a649a29c01bdfbb15c24382696b8403fc4e2905160fb87627eb20c2b?s=96&d=mm&r=g","caption":"Equipa Casa"},"url":"https:\/\/www.casa-asbl.lu\/fr\/author\/trindade\/"}]}},"_links":{"self":[{"href":"https:\/\/www.casa-asbl.lu\/fr\/wp-json\/wp\/v2\/posts\/2743","targetHints":{"allow":["GET"]}}],"collection":[{"href":"https:\/\/www.casa-asbl.lu\/fr\/wp-json\/wp\/v2\/posts"}],"about":[{"href":"https:\/\/www.casa-asbl.lu\/fr\/wp-json\/wp\/v2\/types\/post"}],"author":[{"embeddable":true,"href":"https:\/\/www.casa-asbl.lu\/fr\/wp-json\/wp\/v2\/users\/2"}],"replies":[{"embeddable":true,"href":"https:\/\/www.casa-asbl.lu\/fr\/wp-json\/wp\/v2\/comments?post=2743"}],"version-history":[{"count":0,"href":"https:\/\/www.casa-asbl.lu\/fr\/wp-json\/wp\/v2\/posts\/2743\/revisions"}],"wp:featuredmedia":[{"embeddable":true,"href":"https:\/\/www.casa-asbl.lu\/fr\/wp-json\/wp\/v2\/media\/2727"}],"wp:attachment":[{"href":"https:\/\/www.casa-asbl.lu\/fr\/wp-json\/wp\/v2\/media?parent=2743"}],"wp:term":[{"taxonomy":"category","embeddable":true,"href":"https:\/\/www.casa-asbl.lu\/fr\/wp-json\/wp\/v2\/categories?post=2743"},{"taxonomy":"post_tag","embeddable":true,"href":"https:\/\/www.casa-asbl.lu\/fr\/wp-json\/wp\/v2\/tags?post=2743"}],"curies":[{"name":"wp","href":"https:\/\/api.w.org\/{rel}","templated":true}]}}